{"id":6345,"date":"2025-01-28T16:57:40","date_gmt":"2025-01-28T16:57:40","guid":{"rendered":"https:\/\/ciapat.org\/?p=6345"},"modified":"2025-01-28T16:58:41","modified_gmt":"2025-01-28T16:58:41","slug":"convocatoria-oiss-curso-especializacion-formulacion-de-politicas-publicas-sociales-en-iberoamerica","status":"publish","type":"post","link":"https:\/\/ciapat.org\/index.php\/convocatoria-oiss-curso-especializacion-formulacion-de-politicas-publicas-sociales-en-iberoamerica\/","title":{"rendered":"CONVOCATORIA OISS: Curso Especializaci\u00f3n &#8220;Formulaci\u00f3n de Pol\u00edticas P\u00fablicas Sociales en Iberoam\u00e9rica&#8221;"},"content":{"rendered":"<p><img decoding=\"async\" class=\"alignnone size-medium wp-image-6346\" src=\"https:\/\/ciapat.org\/wp-content\/uploads\/Banner-USAL-2025-8-500x274.png\" alt=\"\" width=\"500\" height=\"274\" srcset=\"https:\/\/ciapat.org\/wp-content\/uploads\/Banner-USAL-2025-8-200x110.png 200w, https:\/\/ciapat.org\/wp-content\/uploads\/Banner-USAL-2025-8-250x137.png 250w, https:\/\/ciapat.org\/wp-content\/uploads\/Banner-USAL-2025-8-400x219.png 400w, https:\/\/ciapat.org\/wp-content\/uploads\/Banner-USAL-2025-8-500x274.png 500w, https:\/\/ciapat.org\/wp-content\/uploads\/Banner-USAL-2025-8-600x329.png 600w, https:\/\/ciapat.org\/wp-content\/uploads\/Banner-USAL-2025-8.png 730w\" sizes=\"(max-width: 500px) 100vw, 500px\" \/><\/p>\n<p style=\"font-weight: 400;\">Las inscripciones deber\u00e1n realizarse hasta el 20 de febrero de 2025 completando el siguiente formulario digital:<\/p>\n<p style=\"font-weight: 400;\">El curso se llevar\u00e1 a cabo con un m\u00ednimo de 15 participantes. Se comunicar\u00e1 la aceptaci\u00f3n a las personas seleccionadas seg\u00fan se inscriban en la formaci\u00f3n. El periodo de pago de matr\u00edcula ser\u00e1 desde la comunicaci\u00f3n de aceptaci\u00f3n hasta el 25 de febrero de 2025.<\/p>\n<p style=\"font-weight: 400;\"><strong><span lang=\"ES-TRAD\"><a href=\"https:\/\/docs.google.com\/forms\/d\/e\/1FAIpQLSeKgwzNA2CxwgvNT4uxC9R0wnd-BJhmqt0YRIfqSU7vPBTQsA\/viewform\" target=\"_blank\" rel=\"noopener\" data-saferedirecturl=\"https:\/\/www.google.com\/url?q=https:\/\/docs.google.com\/forms\/d\/e\/1FAIpQLSeKgwzNA2CxwgvNT4uxC9R0wnd-BJhmqt0YRIfqSU7vPBTQsA\/viewform&amp;source=gmail&amp;ust=1738168962984000&amp;usg=AOvVaw3RcVIuPgPaHIpGDAWE6tWa\">Inscripciones AQU\u00cd<\/a><\/span><\/strong><\/p>\n<p style=\"font-weight: 400;\"><strong>OBJETIVOS:<\/strong><\/p>\n<p style=\"font-weight: 400;\">Este programa de formaci\u00f3n tiene como objetivos:<\/p>\n<ul>\n<li style=\"font-weight: 400;\">Introducir a los\/as participantes en el an\u00e1lisis de las pol\u00edticas p\u00fablicas.<\/li>\n<li style=\"font-weight: 400;\">Profundizar en los conceptos b\u00e1sicos, los enfoques, las teor\u00edas, as\u00ed como la metodolog\u00eda y la aplicaci\u00f3n emp\u00edrica del an\u00e1lisis de la acci\u00f3n de gobierno.<\/li>\n<li style=\"font-weight: 400;\">Comprender los condicionantes, los contenidos, la elaboraci\u00f3n y la implementaci\u00f3n e impacto de las pol\u00edticas sociales en los sistemas pol\u00edticos democr\u00e1ticos.<\/li>\n<li style=\"font-weight: 400;\">Introducir a los\/as participantes en conocimientos conceptuales y sustantivos sobre el marco hist\u00f3rico y actual del Estado, la estructura institucional y las caracter\u00edsticas de los actores, los tipos de instrumentos utilizados en la intervenci\u00f3n p\u00fablica, los tipos de problemas y condicionantes de las pol\u00edticas p\u00fablicas.<\/li>\n<li style=\"font-weight: 400;\">Ofrecer herramientas para la formulaci\u00f3n de las pol\u00edticas p\u00fablicas sociales y de seguridad social<\/li>\n<\/ul>\n<p style=\"font-weight: 400;\"><strong>A QUI\u00c9N VA DIRIGIDO:<\/strong><\/p>\n<p style=\"font-weight: 400;\">Este curso va dirigido a parlamentarios\/as, congresistas, diputadas\/os, asamble\u00edstas y, en general, a profesionales del \u00e1mbito legislativo de pa\u00edses iberoamericanos, as\u00ed como a formuladores\/as de pol\u00edticas p\u00fablicas sociales con inter\u00e9s en profundizar sus conocimientos y mejorar sus capacidades y habilidades para la mejor formulaci\u00f3n de pol\u00edticas p\u00fablicas sociales y profundizar en los conocimientos de los sistemas de protecci\u00f3n social comparados.<\/p>\n<p style=\"font-weight: 400;\"><strong>\u00a0<\/strong><\/p>\n<p style=\"font-weight: 400;\"><strong>FECHA Y DURACI\u00d3N:<\/strong><\/p>\n<p style=\"font-weight: 400;\">Este curso se impartir\u00e1 a lo largo de dos semanas (desde el 31 de marzo al 4 de abril de 2025).<\/p>\n<p style=\"font-weight: 400;\">La formaci\u00f3n tendr\u00e1 una carga horaria de 50 horas lectivas, distribuidas de la siguiente manera:<\/p>\n<ul>\n<li style=\"font-weight: 400;\">Semana del 31 de marzo al 4 de abril: 30 horas lectivas.<\/li>\n<li style=\"font-weight: 400;\">Semana del 4 al 11 de abril: 20 horas lectivas.<\/li>\n<\/ul>\n<p style=\"font-weight: 400;\"><strong>METODOLOG\u00cdA:<\/strong><\/p>\n<p style=\"font-weight: 400;\">Este curso se impartir\u00e1 de forma presencial. La primera semana ser\u00e1 impartida en la Universidad de Salamanca a trav\u00e9s de ponencias magistrales de profesorado experto en las materias abordadas, combinadas con talleres pr\u00e1cticos de debate e intercambio de experiencias entre participantes. La segunda semana ser\u00e1 impartida en las instalaciones de la Organizaci\u00f3n Iberoamericana de Seguridad Social en Madrid a trav\u00e9s de ponencias magistrales de profesorado experto en las materias abordadas, combinada con visitas institucionales. Las clases se impartir\u00e1n en horario de ma\u00f1ana y tarde.<\/p>\n<p style=\"font-weight: 400;\"><strong>\u00a0<\/strong><\/p>\n<p style=\"font-weight: 400;\"><strong>MATR\u00cdCULA DEL CURSO:<\/strong><\/p>\n<p style=\"font-weight: 400;\"><strong><u>El coste de inscripci\u00f3n en este curso es de 650\u20ac.<\/u><\/strong><\/p>\n<p style=\"font-weight: 400;\">Este importe incluye los gastos de matr\u00edcula de curso, desplazamientos internos para las visitas y materiales. Los gastos de viaje, alojamiento y manutenci\u00f3n deber\u00e1n ser cubiertos y gestionados por las propias personas participantes.<\/p>\n<p style=\"font-weight: 400;\"><strong>TITULACI\u00d3N:<\/strong><\/p>\n<p style=\"font-weight: 400;\">Al finalizar el curso los\/as participantes obtendr\u00e1n un t\u00edtulo emitido conjuntamente por la Universidad de Salamanca y la OISS.<\/p>\n<p style=\"font-weight: 400;\">En la confianza de que esta informaci\u00f3n sea de su inter\u00e9s y solicitando sea divulgado entre las personas que usted considere, aprovechamos la ocasi\u00f3n para reiterarle el testimonio de nuestra m\u00e1s distinguida consideraci\u00f3n,<\/p>\n","protected":false},"excerpt":{"rendered":"<p>Las inscripciones deber\u00e1n realizarse hasta el 20 de febrero de 2025 completando el siguiente formulario digital: El curso se llevar\u00e1 a cabo con un m\u00ednimo de 15 participantes. Se comunicar\u00e1 la aceptaci\u00f3n a las personas seleccionadas seg\u00fan se inscriban en la formaci\u00f3n. El periodo de pago de matr\u00edcula ser\u00e1 desde la comunicaci\u00f3n de aceptaci\u00f3n hasta [&hellip;]<\/p>\n","protected":false},"author":13,"featured_media":6346,"comment_status":"open","ping_status":"closed","sticky":false,"template":"","format":"standard","meta":{"footnotes":""},"categories":[1,11,893,64,67],"tags":[],"class_list":["post-6345","post","type-post","status-publish","format-standard","has-post-thumbnail","hentry","category-ciapat","category-cursos","category-documentos-oiss","category-enlaces","category-lectura-sugerida"],"_links":{"self":[{"href":"https:\/\/ciapat.org\/index.php\/wp-json\/wp\/v2\/posts\/6345","targetHints":{"allow":["GET"]}}],"collection":[{"href":"https:\/\/ciapat.org\/index.php\/wp-json\/wp\/v2\/posts"}],"about":[{"href":"https:\/\/ciapat.org\/index.php\/wp-json\/wp\/v2\/types\/post"}],"author":[{"embeddable":true,"href":"https:\/\/ciapat.org\/index.php\/wp-json\/wp\/v2\/users\/13"}],"replies":[{"embeddable":true,"href":"https:\/\/ciapat.org\/index.php\/wp-json\/wp\/v2\/comments?post=6345"}],"version-history":[{"count":2,"href":"https:\/\/ciapat.org\/index.php\/wp-json\/wp\/v2\/posts\/6345\/revisions"}],"predecessor-version":[{"id":6349,"href":"https:\/\/ciapat.org\/index.php\/wp-json\/wp\/v2\/posts\/6345\/revisions\/6349"}],"wp:featuredmedia":[{"embeddable":true,"href":"https:\/\/ciapat.org\/index.php\/wp-json\/wp\/v2\/media\/6346"}],"wp:attachment":[{"href":"https:\/\/ciapat.org\/index.php\/wp-json\/wp\/v2\/media?parent=6345"}],"wp:term":[{"taxonomy":"category","embeddable":true,"href":"https:\/\/ciapat.org\/index.php\/wp-json\/wp\/v2\/categories?post=6345"},{"taxonomy":"post_tag","embeddable":true,"href":"https:\/\/ciapat.org\/index.php\/wp-json\/wp\/v2\/tags?post=6345"}],"curies":[{"name":"wp","href":"https:\/\/api.w.org\/{rel}","templated":true}]}}